{"id":6401,"date":"2018-09-20T11:36:42","date_gmt":"2018-09-20T09:36:42","guid":{"rendered":"http:\/\/www.duemilae20.it\/IT\/?p=6401"},"modified":"2018-09-27T21:49:07","modified_gmt":"2018-09-27T19:49:07","slug":"primo-raduno-delle-polizie-locali-piemontesi","status":"publish","type":"post","link":"http:\/\/www.duemilae20.it\/IT\/2018\/09\/20\/primo-raduno-delle-polizie-locali-piemontesi\/","title":{"rendered":"Tutto pronto per il primo raduno delle Polizie Locali piemontesi"},"content":{"rendered":"<p style=\"text-align: left;\">Arona si prepara ad accogliere un evento eccezionale e di grande portata. Da un&#8217;idea del Comando di Polizia Locale di Arona, in collaborazione con quello di Castelletto sopra Ticino, la 2Ke20 sar\u00e0 partner del primo motoraduno delle Polizie Locali piemontesi. Il 23 settembre convoglieranno in citt\u00e0 agenti delle Polizie locali di tutta la Regione, ma anche della vicina Lombardia, in sella ai loro motoveicoli di servizio (siamo ad un centinaio di iscritti tra cui numerosi radunisti con moto civili e diversi amatori del Moto Club Lesa), per promuovere l\u2019immagine della Polizia locale nella sua veste pi\u00f9 tecnica e specializzata. Il programma prevede oltre alla sfilata per le vie della citt\u00e0, dopo il saluto delle autorit\u00e0 e la benedizione ai motoveicoli, un moto giro che toccher\u00e0 il Lago di Mergozzo e quello di Orta per un totale di 90 km, per terminare con una sosta al colosso di San Carlo e il pranzo all&#8217;hotel Concorde.<\/p>\n<p><center><img loading=\"lazy\" class=\"alignnone size-medium wp-image-6412\" src=\"http:\/\/www.duemilae20.it\/IT\/wp-content\/uploads\/2018\/09\/moto-300x205.jpg\" alt=\"\" width=\"300\" height=\"205\" \/><\/center>&nbsp;<\/p>\n","protected":false},"excerpt":{"rendered":"<p>Arona si prepara ad accogliere un evento eccezionale e di grande portata. Da un&#8217;idea del Comando di Polizia Locale di Arona, in collaborazione con quello di Castelletto sopra Ticino, la 2Ke20 sar\u00e0 partner del primo motoraduno delle Polizie Locali piemontesi. Il 23 settembre convoglieranno in citt\u00e0 agenti delle Polizie locali di tutta la Regione, ma &hellip; <\/p>\n<p class=\"link-more\"><a href=\"http:\/\/www.duemilae20.it\/IT\/2018\/09\/20\/primo-raduno-delle-polizie-locali-piemontesi\/\" class=\"more-link\">Read More<span class=\"screen-reader-text\"> &#8220;Tutto pronto per il primo raduno delle Polizie Locali piemontesi&#8221;<\/span><\/a><\/p>\n","protected":false},"author":3,"featured_media":6431,"comment_status":"open","ping_status":"open","sticky":false,"template":"","format":"standard","meta":[],"categories":[2,91],"tags":[],"_links":{"self":[{"href":"http:\/\/www.duemilae20.it\/IT\/wp-json\/wp\/v2\/posts\/6401"}],"collection":[{"href":"http:\/\/www.duemilae20.it\/IT\/wp-json\/wp\/v2\/posts"}],"about":[{"href":"http:\/\/www.duemilae20.it\/IT\/wp-json\/wp\/v2\/types\/post"}],"author":[{"embeddable":true,"href":"http:\/\/www.duemilae20.it\/IT\/wp-json\/wp\/v2\/users\/3"}],"replies":[{"embeddable":true,"href":"http:\/\/www.duemilae20.it\/IT\/wp-json\/wp\/v2\/comments?post=6401"}],"version-history":[{"count":11,"href":"http:\/\/www.duemilae20.it\/IT\/wp-json\/wp\/v2\/posts\/6401\/revisions"}],"predecessor-version":[{"id":6660,"href":"http:\/\/www.duemilae20.it\/IT\/wp-json\/wp\/v2\/posts\/6401\/revisions\/6660"}],"wp:featuredmedia":[{"embeddable":true,"href":"http:\/\/www.duemilae20.it\/IT\/wp-json\/wp\/v2\/media\/6431"}],"wp:attachment":[{"href":"http:\/\/www.duemilae20.it\/IT\/wp-json\/wp\/v2\/media?parent=6401"}],"wp:term":[{"taxonomy":"category","embeddable":true,"href":"http:\/\/www.duemilae20.it\/IT\/wp-json\/wp\/v2\/categories?post=6401"},{"taxonomy":"post_tag","embeddable":true,"href":"http:\/\/www.duemilae20.it\/IT\/wp-json\/wp\/v2\/tags?post=6401"}],"curies":[{"name":"wp","href":"https:\/\/api.w.org\/{rel}","templated":true}]}}