{"id":6510,"date":"2018-09-27T21:33:41","date_gmt":"2018-09-27T19:33:41","guid":{"rendered":"http:\/\/www.duemilae20.it\/IT\/?p=6510"},"modified":"2018-12-20T14:50:08","modified_gmt":"2018-12-20T13:50:08","slug":"primo-motoraduno-delle-polizie-locali-del-piemonte","status":"publish","type":"post","link":"http:\/\/www.duemilae20.it\/IT\/2018\/09\/27\/primo-motoraduno-delle-polizie-locali-del-piemonte\/","title":{"rendered":"Primo motoraduno delle Polizie Locali piemontesi &#8211; Arona &#8211;"},"content":{"rendered":"<p style=\"text-align: left;\">Arona \u00e8 stata protagonista, domenica 23 settembre, del Primo Motoraduno delle Polizie Locali del Piemonte. Un evento inedito per la citt\u00e0, nato dall\u2019idea degli agenti Massimo Sanfilippo e Michele De Mucco in collaborazione con i colleghi castellettesi Massimiliano Cappiello e Massimiliano Miglio ed il supporto logistico ed organizzatvo della Duemilae20. Presenti oltre un centinaio di agenti e simpatizzanti in sella alle loro moto per un totale di 12 comuni lombardi e piemontesi rappresentai cui si \u00e8 aggiunta una delegazione di Carpi in Emilia Romagna. Numerose le autorit\u00e0 civili, militari e religiose che hanno dato il benvenuto agli agenti, tra cui il sindaco di Arona On. Alberto Gusmeroli, il Comandante della Polizia Locale aronese Floriana Quatraro e all\u2019Assessore alla viabilit\u00e0 e sicurezza Tullio Mastrangelo. L&#8217;evento ha voluto celebrare la Polizia Locale nella sua veste pi\u00f9 tecnica e specializzata; negli anni la Polizia Locale si \u00e8 aperta alla cittadinanza diventando parte integrante del territorio con interventi nelle scuole e tra i cittadini a completamento del suo ruolo istituzionale di garanzia della sicurezza, in collaborazione con le Forze dell\u2019ordine. Dopo l\u2019alzabandiera e la benedizione dei mezzi da parte del parroco don Claudio Leonardi, le moto sono partite per un moto giro di 90 km; scortate dalla staffetta organizzata dal Moto Club Lesa hanno risalito il lago sino a Mergozzo per poi proseguire verso il Lago d\u2019Orta e arrivare ai piedi del San Carlone, concludendosi con il pranzo all\u2019hotel Concorde.<\/p>\n","protected":false},"excerpt":{"rendered":"<p>Arona \u00e8 stata protagonista, domenica 23 settembre, del Primo Motoraduno delle Polizie Locali del Piemonte. Un evento inedito per la citt\u00e0, nato dall\u2019idea degli agenti Massimo Sanfilippo e Michele De Mucco in collaborazione con i colleghi castellettesi Massimiliano Cappiello e Massimiliano Miglio ed il supporto logistico ed organizzatvo della Duemilae20. Presenti oltre un centinaio di &hellip; <\/p>\n<p class=\"link-more\"><a href=\"http:\/\/www.duemilae20.it\/IT\/2018\/09\/27\/primo-motoraduno-delle-polizie-locali-del-piemonte\/\" class=\"more-link\">Read More<span class=\"screen-reader-text\"> &#8220;Primo motoraduno delle Polizie Locali piemontesi &#8211; Arona &#8211;&#8221;<\/span><\/a><\/p>\n","protected":false},"author":3,"featured_media":6585,"comment_status":"open","ping_status":"open","sticky":false,"template":"","format":"standard","meta":[],"categories":[91],"tags":[],"_links":{"self":[{"href":"http:\/\/www.duemilae20.it\/IT\/wp-json\/wp\/v2\/posts\/6510"}],"collection":[{"href":"http:\/\/www.duemilae20.it\/IT\/wp-json\/wp\/v2\/posts"}],"about":[{"href":"http:\/\/www.duemilae20.it\/IT\/wp-json\/wp\/v2\/types\/post"}],"author":[{"embeddable":true,"href":"http:\/\/www.duemilae20.it\/IT\/wp-json\/wp\/v2\/users\/3"}],"replies":[{"embeddable":true,"href":"http:\/\/www.duemilae20.it\/IT\/wp-json\/wp\/v2\/comments?post=6510"}],"version-history":[{"count":4,"href":"http:\/\/www.duemilae20.it\/IT\/wp-json\/wp\/v2\/posts\/6510\/revisions"}],"predecessor-version":[{"id":6661,"href":"http:\/\/www.duemilae20.it\/IT\/wp-json\/wp\/v2\/posts\/6510\/revisions\/6661"}],"wp:featuredmedia":[{"embeddable":true,"href":"http:\/\/www.duemilae20.it\/IT\/wp-json\/wp\/v2\/media\/6585"}],"wp:attachment":[{"href":"http:\/\/www.duemilae20.it\/IT\/wp-json\/wp\/v2\/media?parent=6510"}],"wp:term":[{"taxonomy":"category","embeddable":true,"href":"http:\/\/www.duemilae20.it\/IT\/wp-json\/wp\/v2\/categories?post=6510"},{"taxonomy":"post_tag","embeddable":true,"href":"http:\/\/www.duemilae20.it\/IT\/wp-json\/wp\/v2\/tags?post=6510"}],"curies":[{"name":"wp","href":"https:\/\/api.w.org\/{rel}","templated":true}]}}