{"id":7591,"date":"2019-03-26T09:22:36","date_gmt":"2019-03-26T08:22:36","guid":{"rendered":"http:\/\/www.duemilae20.it\/IT\/?p=7591"},"modified":"2019-03-26T09:25:09","modified_gmt":"2019-03-26T08:25:09","slug":"under-20-settimo-si-conferma-bestia-nera-della-hlekin-2-2","status":"publish","type":"post","link":"http:\/\/www.duemilae20.it\/IT\/2019\/03\/26\/under-20-settimo-si-conferma-bestia-nera-della-hlekin-2-2\/","title":{"rendered":"Under 20 &#8211; Helkin batte Gravellona"},"content":{"rendered":"<p><\/p>\n\n\n<\/p>\n<p><strong>Under 20 Regionale \u2013 Girone B per il Titolo<\/strong><br \/>.<br \/><strong>7\u00aa giornata<\/strong><em><br \/>Arona (NO), luned\u00ec 25 marzo 2019<\/em><\/p>\n<p><strong>Helkin 2Ke20 Arona &#8211; Vega In contro Gravellona 73-52<\/strong><\/p>\n<p>(20-14; 22-39; 53-41)<\/p>\n<p>Arona: Acconito 13, Dalleolle 13, Franzosi 8, Pelle 5, Deferrari 15, S.Rossi 2, Petrillo 2, Bosi 5, Tinivella 1, Piscia 9, Paolucci,\u00a0 Bonelli,\u00a0 All. Romerio.\u00a0<\/p>\n<p>Gravellona: Ferraris 18, Paredes 7, Cattaneo 3, Beccia 2, Dell&#8217;Orto 8, Tober 7, Vitali 7, All. Buarotti.\u00a0<\/p>\n<p style=\"box-sizing: border-box; padding: 0px; margin: 0px; line-height: 1.5em; font-size: 14px; color: #7a7a7a; font-family: Roboto, sans-serif; font-style: normal; font-variant-ligatures: normal; font-variant-caps: normal; font-weight: 400; letter-spacing: normal; orphans: 2; text-align: start; text-indent: 0px; text-transform: none; white-space: normal; widows: 2; word-spacing: 0px; -webkit-text-stroke-width: 0px; background-color: #111111; text-decoration-style: initial; text-decoration-color: initial;\">.<\/p>\n<p>\u00a0<\/p>\n<p>Buona prestazione per i ragazzi della Helkin 2Ke20 che impegnati, tra le mura amiche, nella seconda giornata della fase di ritorno della qualificazione per il titolo B, hanno incontrato Vega Incontro Gravellona. Il referto rosa ,staccato sul 73 a 52, mantiene aperta la possibilit\u00e0 per i padroni di casa di giocarsi la final four. In realt\u00e0 il match ha avuto poca storia, visto le numerose assenze patite dagli ospiti. Acconito e compagni sono cos\u00ec riusciti a mantenere un ritmo elevatissimo nei primi due quarti costringendo in forte difficolt\u00e0 i ragazzi di coach Buarotti.\u00a0 Nel terzo periodo Incontro Vega Gravellona ha provato a riavvicinarsi ma negli ultimi 10 minuti la stanchezza ha preso il sopravvento e Arona ha riacquistato un grande vantaggio che \u00e8 riuscita a ben amministra sino alla fine. Prossimo appuntamento, sempre al pala Viking di Arona, luned\u00ec 1\u00b0 aprile contro Iscot Franzin Val Noce.<\/p>\n<p>\n\n\n<p><\/p>\n<p><\/p>\n\n\n<\/p>\n<p>\n\n\n<p><\/p>","protected":false},"excerpt":{"rendered":"<p>Under 20 Regionale \u2013 Girone B per il Titolo.7\u00aa giornataArona (NO), luned\u00ec 25 marzo 2019 Helkin 2Ke20 Arona &#8211; Vega In contro Gravellona 73-52 (20-14; 22-39; 53-41) Arona: Acconito 13, Dalleolle 13, Franzosi 8, Pelle 5, Deferrari 15, S.Rossi 2, Petrillo 2, Bosi 5, Tinivella 1, Piscia 9, Paolucci,\u00a0 Bonelli,\u00a0 All. Romerio.\u00a0 Gravellona: Ferraris 18, &hellip; <\/p>\n<p class=\"link-more\"><a href=\"http:\/\/www.duemilae20.it\/IT\/2019\/03\/26\/under-20-settimo-si-conferma-bestia-nera-della-hlekin-2-2\/\" class=\"more-link\">Read More<span class=\"screen-reader-text\"> &#8220;Under 20 &#8211; Helkin batte Gravellona&#8221;<\/span><\/a><\/p>\n","protected":false},"author":3,"featured_media":0,"comment_status":"open","ping_status":"open","sticky":false,"template":"","format":"standard","meta":[],"categories":[94],"tags":[],"_links":{"self":[{"href":"http:\/\/www.duemilae20.it\/IT\/wp-json\/wp\/v2\/posts\/7591"}],"collection":[{"href":"http:\/\/www.duemilae20.it\/IT\/wp-json\/wp\/v2\/posts"}],"about":[{"href":"http:\/\/www.duemilae20.it\/IT\/wp-json\/wp\/v2\/types\/post"}],"author":[{"embeddable":true,"href":"http:\/\/www.duemilae20.it\/IT\/wp-json\/wp\/v2\/users\/3"}],"replies":[{"embeddable":true,"href":"http:\/\/www.duemilae20.it\/IT\/wp-json\/wp\/v2\/comments?post=7591"}],"version-history":[{"count":4,"href":"http:\/\/www.duemilae20.it\/IT\/wp-json\/wp\/v2\/posts\/7591\/revisions"}],"predecessor-version":[{"id":7595,"href":"http:\/\/www.duemilae20.it\/IT\/wp-json\/wp\/v2\/posts\/7591\/revisions\/7595"}],"wp:attachment":[{"href":"http:\/\/www.duemilae20.it\/IT\/wp-json\/wp\/v2\/media?parent=7591"}],"wp:term":[{"taxonomy":"category","embeddable":true,"href":"http:\/\/www.duemilae20.it\/IT\/wp-json\/wp\/v2\/categories?post=7591"},{"taxonomy":"post_tag","embeddable":true,"href":"http:\/\/www.duemilae20.it\/IT\/wp-json\/wp\/v2\/tags?post=7591"}],"curies":[{"name":"wp","href":"https:\/\/api.w.org\/{rel}","templated":true}]}}