{"id":8288,"date":"2019-08-05T17:27:06","date_gmt":"2019-08-05T15:27:06","guid":{"rendered":"http:\/\/www.duemilae20.it\/IT\/?p=8288"},"modified":"2019-08-05T17:32:41","modified_gmt":"2019-08-05T15:32:41","slug":"www-duemilae20-it-roma-velaraccontoevelacanto","status":"publish","type":"post","link":"http:\/\/www.duemilae20.it\/IT\/2019\/08\/05\/www-duemilae20-it-roma-velaraccontoevelacanto\/","title":{"rendered":"Eventi &#8211; Roma&#8230;ve la racconto e ve la canto"},"content":{"rendered":"<p style=\"text-align: justify;\"><img loading=\"lazy\" src=\"http:\/\/www.duemilae20.it\/IT\/wp-content\/uploads\/2019\/08\/Locandina-Roma-ARONA-pdf_page-0001-1-212x300.jpg\" alt=\"\" width=\"212\" height=\"300\"><\/p>\n<p style=\"text-align: justify;\">\n<p style=\"text-align: justify;\">\n<p style=\"text-align: justify;\">Dopo il successo della serata \u201cMi lagner\u00f2 tacendo\u201d proposta lo scorso venerd\u00ec, Duemilae20 in collaborazione e con il sostegno dell\u2019Amministrazione comunale, torna a offrire un altro evento all\u2019insegna della musica popolare e dell\u2019intrattenimento. Venerd\u00ec 09 agosto, sempre nella cornice di piazza San Graziano, alle 21 andr\u00e0 in scena lo show \u201cRoma\u2026ve la racconto e ve la canto\u201d. Nata da un\u2019idea del baritono Marco Chingari affiancato dal M\u00b0 Paolo Beretta, accompagnatore e arrangiatore musicale, la serata si annuncia come uno sfizioso spettacolo di cultura e vita, sull\u2019onda della memoria e delle belle melodie romanesche che si ascoltano ormai sempre pi\u00f9 raramente sia nei teatri sia in televisione. L\u2019evento ha in s\u00e9 il carattere dell\u2019unicit\u00e0: uno spaccato di una societ\u00e0, di un mondo, di poesia e comicit\u00e0, di verve ed emozioni, di colori e sapori, di caratteri e caratteristi. Per la prima volta un cantante lirico professionista, romano doc, che porta in s\u00e9 il valore aggiunto di essere&nbsp; anche attore e \u201cfine dicitore\u201d, accompagnato da un valentissimo pianista, che \u00e8 anche polistrumentista e attento osservatore delle tradizioni popolari, si esibiscono ad Arona promettendo di ricreare quel clima tutto particolare e affascinante che permea ogni angolo della citt\u00e0 eterna, nella cornice di maestosi pini mediterranei e profumi di cucina&nbsp; tutta \u201cromana\u201d. Attraverso le pi\u00f9 belle canzoni e melodie del periodo classico e melodico romano, il tutto raccontando Roma in una ridda di aneddoti e poesie del pi\u00f9 celebre e divertente vernacolo romanesco, i due artisti condurranno il pubblico su un Tevere di versi di Trilussa, Belli, Simeoni, Di Lazzaro, Silvestri, Bixio, Pizzicaria, Garinei e Giovannini, dove riecheggiano le voci indimenticabili di Sordi, Manfredi, Fabrizi. Un\u2019inedita occasione per il pubblico che potr\u00e0 cos\u00ec fare un viaggio nel tempo, come in un sogno, nella Roma che non c\u2019\u00e8 pi\u00f9: la Roma dei nostri padri e dei nostri nonni, la Roma delle serenate, della storia, dei preti, delle \u201ccortellate\u201d e delle buone tradizioni, non ultimo quelle culinarie, il tutto per\u00f2 rigorosamente dal vivo, in una cornice di assoluta eleganza classica. Anche questo evento, a ingresso libero e gratuito, \u00e8 parte del ricco programma di eventi di Arona Lake&amp;Shopping, e d\u00e0 conferma ancora una volta quanto la citt\u00e0 di Arona sia in grado di coinvolgere il pubblico, ogni settimana, con attrazioni e intrattenimenti sempre diversi e variegati: la grande musica, l\u2019arte, lo spettacolo e il divertimento pi\u00f9 esclusivo in una location unica e ineguagliabile ad un passo da Milano.<\/p>\n","protected":false},"excerpt":{"rendered":"<p>Dopo il successo della serata \u201cMi lagner\u00f2 tacendo\u201d proposta lo scorso venerd\u00ec, Duemilae20 in collaborazione e con il sostegno dell\u2019Amministrazione comunale, torna a offrire un altro evento all\u2019insegna della musica popolare e dell\u2019intrattenimento. Venerd\u00ec 09 agosto, sempre nella cornice di piazza San Graziano, alle 21 andr\u00e0 in scena lo show \u201cRoma\u2026ve la racconto e ve &hellip; <\/p>\n<p class=\"link-more\"><a href=\"http:\/\/www.duemilae20.it\/IT\/2019\/08\/05\/www-duemilae20-it-roma-velaraccontoevelacanto\/\" class=\"more-link\">Read More<span class=\"screen-reader-text\"> &#8220;Eventi &#8211; Roma&#8230;ve la racconto e ve la canto&#8221;<\/span><\/a><\/p>\n","protected":false},"author":3,"featured_media":6342,"comment_status":"open","ping_status":"open","sticky":false,"template":"","format":"standard","meta":[],"categories":[1],"tags":[],"_links":{"self":[{"href":"http:\/\/www.duemilae20.it\/IT\/wp-json\/wp\/v2\/posts\/8288"}],"collection":[{"href":"http:\/\/www.duemilae20.it\/IT\/wp-json\/wp\/v2\/posts"}],"about":[{"href":"http:\/\/www.duemilae20.it\/IT\/wp-json\/wp\/v2\/types\/post"}],"author":[{"embeddable":true,"href":"http:\/\/www.duemilae20.it\/IT\/wp-json\/wp\/v2\/users\/3"}],"replies":[{"embeddable":true,"href":"http:\/\/www.duemilae20.it\/IT\/wp-json\/wp\/v2\/comments?post=8288"}],"version-history":[{"count":6,"href":"http:\/\/www.duemilae20.it\/IT\/wp-json\/wp\/v2\/posts\/8288\/revisions"}],"predecessor-version":[{"id":8295,"href":"http:\/\/www.duemilae20.it\/IT\/wp-json\/wp\/v2\/posts\/8288\/revisions\/8295"}],"wp:featuredmedia":[{"embeddable":true,"href":"http:\/\/www.duemilae20.it\/IT\/wp-json\/wp\/v2\/media\/6342"}],"wp:attachment":[{"href":"http:\/\/www.duemilae20.it\/IT\/wp-json\/wp\/v2\/media?parent=8288"}],"wp:term":[{"taxonomy":"category","embeddable":true,"href":"http:\/\/www.duemilae20.it\/IT\/wp-json\/wp\/v2\/categories?post=8288"},{"taxonomy":"post_tag","embeddable":true,"href":"http:\/\/www.duemilae20.it\/IT\/wp-json\/wp\/v2\/tags?post=8288"}],"curies":[{"name":"wp","href":"https:\/\/api.w.org\/{rel}","templated":true}]}}